{"id":442,"date":"2023-07-20T14:29:43","date_gmt":"2023-07-20T14:29:43","guid":{"rendered":"https:\/\/posgradofment.umsa.bo\/memoriadelposgrado\/?p=442"},"modified":"2023-07-20T14:30:08","modified_gmt":"2023-07-20T14:30:08","slug":"eficacia-del-tratamiento-con-bevacizumab-intravitreo-en-pacientes-diagnosticados-de-edema-macular-diabetico-en-el-hospital-otorrino-oftalmologico-de-la-caja-nacional-de-salud-la-paz-bolivia","status":"publish","type":"post","link":"https:\/\/posgradofment.umsa.bo\/memoriadelposgrado\/index.php\/eficacia-del-tratamiento-con-bevacizumab-intravitreo-en-pacientes-diagnosticados-de-edema-macular-diabetico-en-el-hospital-otorrino-oftalmologico-de-la-caja-nacional-de-salud-la-paz-bolivia\/","title":{"rendered":"Eficacia del tratamiento con Bevacizumab intrav\u00edtreo en pacientes diagnosticados de edema macular diab\u00e9tico en el Hospital Otorrino Oftalmol\u00f3gico de la Caja Nacional de Salud, La Paz \u2013 Bolivia"},"content":{"rendered":"<p style=\"text-align: justify;\"><em><strong>ART\u00cdCULO ORIGINAL<\/strong><\/em><\/p>\n<p><em>Effectiveness of treatment with intravitreous Bevacizumab in patients diagnosed with diabetic macular edema at the Hospital Otorrino Oftalmol\u00f3gico of the Caja Nacional de Salud, La Paz \u2013 Bolivia<\/em><\/p>\n<p><span style=\"font-size: 10pt;\"><strong>Ch\u00e1vez-Coarite Ingrid Maribel<br \/>\nGisbert-L\u00f3pez Wilmer<\/strong><\/span><\/p>\n<p><span style=\"color: #800000;\">Doi: <a href=\"https:\/\/doi.org\/10.53287\/zerk9558pr43b\">10.53287\/zerk9558pr43b<\/a><\/span><\/p>\n<p>&nbsp;<\/p>\n<p style=\"text-align: right;\"><div class=\"\"><a href=\"https:\/\/posgradofment.umsa.bo\/memoriadelposgrado\/wp-content\/uploads\/2023\/07\/CHAVEZ-INGRID-GISBERT-WILMER-ARTICULO-ORIGINAL.pdf\" target=\"_self\" class=\"emd_dl_grey\">Descargar PDF<\/a><\/div>        <style type=\"text\/css\">\r\n    .emd_dl_grey {\r\n        -moz-box-shadow:inset 0px 1px 0px 0px #ffffff;\r\n        -webkit-box-shadow:inset 0px 1px 0px 0px #ffffff;\r\n        box-shadow:inset 0px 1px 0px 0px #ffffff;\r\n        background:-webkit-gradient( linear, left top, left bottom, color-stop(0.05, #ededed), color-stop(1, #dfdfdf) );\r\n        background:-moz-linear-gradient( center top, #ededed 5%, #dfdfdf 100% );\r\n        filter:progid:DXImageTransform.Microsoft.gradient(startColorstr='#ededed', endColorstr='#dfdfdf');\r\n        background-color:#ededed;\r\n        -webkit-border-top-left-radius:0px;\r\n        -moz-border-radius-topleft:0px;\r\n        border-top-left-radius:0px;\r\n        -webkit-border-top-right-radius:0px;\r\n        -moz-border-radius-topright:0px;\r\n        border-top-right-radius:0px;\r\n        -webkit-border-bottom-right-radius:0px;\r\n        -moz-border-radius-bottomright:0px;\r\n        border-bottom-right-radius:0px;\r\n        -webkit-border-bottom-left-radius:0px;\r\n        -moz-border-radius-bottomleft:0px;\r\n        border-bottom-left-radius:0px;\r\n        text-indent:0;\r\n        border:1px solid #dcdcdc;\r\n        display:inline-block;\r\n        color:#777777 !important;\r\n        font-family:Georgia;\r\n        font-size:15px;\r\n        font-weight:bold;\r\n        font-style:normal;\r\n        height:41px;\r\n        line-height:41px;\r\n        width:153px;\r\n        text-decoration:none;\r\n        text-align:center;\r\n        text-shadow:1px 1px 0px #ffffff;\r\n    }\r\n    .emd_dl_grey:hover {\r\n        background:-webkit-gradient( linear, left top, left bottom, color-stop(0.05, #dfdfdf), color-stop(1, #ededed) );\r\n        background:-moz-linear-gradient( center top, #dfdfdf 5%, #ededed 100% );\r\n        filter:progid:DXImageTransform.Microsoft.gradient(startColorstr='#dfdfdf', endColorstr='#ededed');\r\n        background-color:#dfdfdf;\r\n    }.emd_dl_grey:active {\r\n        position:relative;\r\n        top:1px;\r\n    }\r\n    <\/style><\/p>\n","protected":false},"excerpt":{"rendered":"<p>ART\u00cdCULO ORIGINAL Effectiveness of treatment with intravitreous Bevacizumab in patients diagnosed with diabetic macular edema at the Hospital Otorrino Oftalmol\u00f3gico of the Caja Nacional de Salud, La Paz \u2013 Bolivia Ch\u00e1vez-Coarite Ingrid Maribel Gisbert-L\u00f3pez Wilmer Doi: 10.53287\/zerk9558pr43b &nbsp;<\/p>\n","protected":false},"author":1,"featured_media":443,"comment_status":"closed","ping_status":"open","sticky":false,"template":"","format":"standard","meta":{"disable_featured_image":false,"footnotes":""},"categories":[5],"tags":[],"_links":{"self":[{"href":"https:\/\/posgradofment.umsa.bo\/memoriadelposgrado\/index.php\/wp-json\/wp\/v2\/posts\/442"}],"collection":[{"href":"https:\/\/posgradofment.umsa.bo\/memoriadelposgrado\/index.php\/wp-json\/wp\/v2\/posts"}],"about":[{"href":"https:\/\/posgradofment.umsa.bo\/memoriadelposgrado\/index.php\/wp-json\/wp\/v2\/types\/post"}],"author":[{"embeddable":true,"href":"https:\/\/posgradofment.umsa.bo\/memoriadelposgrado\/index.php\/wp-json\/wp\/v2\/users\/1"}],"replies":[{"embeddable":true,"href":"https:\/\/posgradofment.umsa.bo\/memoriadelposgrado\/index.php\/wp-json\/wp\/v2\/comments?post=442"}],"version-history":[{"count":1,"href":"https:\/\/posgradofment.umsa.bo\/memoriadelposgrado\/index.php\/wp-json\/wp\/v2\/posts\/442\/revisions"}],"predecessor-version":[{"id":444,"href":"https:\/\/posgradofment.umsa.bo\/memoriadelposgrado\/index.php\/wp-json\/wp\/v2\/posts\/442\/revisions\/444"}],"wp:featuredmedia":[{"embeddable":true,"href":"https:\/\/posgradofment.umsa.bo\/memoriadelposgrado\/index.php\/wp-json\/wp\/v2\/media\/443"}],"wp:attachment":[{"href":"https:\/\/posgradofment.umsa.bo\/memoriadelposgrado\/index.php\/wp-json\/wp\/v2\/media?parent=442"}],"wp:term":[{"taxonomy":"category","embeddable":true,"href":"https:\/\/posgradofment.umsa.bo\/memoriadelposgrado\/index.php\/wp-json\/wp\/v2\/categories?post=442"},{"taxonomy":"post_tag","embeddable":true,"href":"https:\/\/posgradofment.umsa.bo\/memoriadelposgrado\/index.php\/wp-json\/wp\/v2\/tags?post=442"}],"curies":[{"name":"wp","href":"https:\/\/api.w.org\/{rel}","templated":true}]}}