{"id":4079,"date":"2025-03-11T19:13:43","date_gmt":"2025-03-11T19:13:43","guid":{"rendered":"https:\/\/posgradofment.umsa.bo\/?p=4079"},"modified":"2025-03-11T19:13:43","modified_gmt":"2025-03-11T19:13:43","slug":"comunicado-7-2025-maestria-enfermeria-en-medicina-critica-y-terapia-intensiva","status":"publish","type":"post","link":"https:\/\/posgradofment.umsa.bo\/index.php\/2025\/03\/11\/comunicado-7-2025-maestria-enfermeria-en-medicina-critica-y-terapia-intensiva\/","title":{"rendered":"COMUNICADO 7\/2025 &#8211; MAESTR\u00cdA ENFERMER\u00cdA EN MEDICINA CR\u00cdTICA Y TERAPIA INTENSIVA"},"content":{"rendered":"<p><span style=\"font-family: Helvetica;\"><em>INICIO DE ACTIVIDADES ACAD\u00c9MICAS 17 DE MARZO<\/em><u><\/u><\/span><\/p>\n<p><span style=\"font-family: Helvetica;\">Se comunica a l@s profesionales que formalizaron su inscripci\u00f3n a la Maestr\u00eda en Enfermer\u00eda en Medicina Cr\u00edtica y Terapia Intensiva \u2013 modalidad semipresencial, que ya se encuentran habilitad@s en el sistema universitario para realizar el pago de la matr\u00edcula Bs. 1.260.-<\/span><\/p>\n<p><span style=\"font-family: Helvetica;\"><strong>El p<\/strong><strong>ago se deber\u00e1 realizar en forma electr\u00f3nica<\/strong> <strong>del 10 al 14 de marzo, <u>a trav\u00e9s del siguiente enlace<\/u>:<\/strong><strong>\u00a0\u00a0\u00a0\u00a0\u00a0\u00a0\u00a0\u00a0\u00a0\u00a0\u00a0\u00a0\u00a0\u00a0\u00a0\u00a0\u00a0\u00a0\u00a0\u00a0\u00a0\u00a0\u00a0\u00a0\u00a0\u00a0\u00a0\u00a0\u00a0\u00a0\u00a0\u00a0\u00a0\u00a0\u00a0\u00a0\u00a0\u00a0\u00a0 <\/strong><\/span><\/p>\n<p><span style=\"font-family: Helvetica;\"><strong>\u00a0\u00a0\u00a0\u00a0 \u00a0\u00a0\u00a0\u00a0\u00a0\u00a0\u00a0\u00a0\u00a0\u00a0\u00a0\u00a0\u00a0\u00a0\u00a0\u00a0\u00a0\u00a0\u00a0\u00a0\u00a0\u00a0\u00a0\u00a0\u00a0\u00a0\u00a0\u00a0<\/strong>\u261b <strong>https:\/\/matriculacion.umsa.bo<\/strong><\/span><\/p>\n<p><span style=\"font-family: Helvetica;\"><strong><u>NOTA ACLARATORIA<\/u><\/strong>:\u00a0 Las actividades acad\u00e9micas se realizar\u00e1n conforme al siguiente detalle:<\/span><\/p>\n<ul>\n<li><span style=\"font-family: Helvetica;\">De lunes a domingo plataforma virtual.<\/span><\/li>\n<\/ul>\n<ul>\n<li><span style=\"font-family: Helvetica;\">Sesiones presenciales s\u00e1bados de 14:00 a 19:00 y domingos sincr\u00f3nicos de 08:00 a 10:00.<\/span><\/li>\n<\/ul>\n<p><span style=\"font-family: Helvetica;\">PD.: Hacer la entrega de una copia de la matr\u00edcula universitaria en secretar\u00eda de la Unidad de Posgrado.<\/span><\/p>\n<p>&nbsp;<\/p>\n<p><span style=\"font-family: Helvetica;\"><strong>\u00a0\u00a0\u00a0\u00a0\u00a0\u00a0\u00a0\u00a0\u00a0\u00a0\u00a0\u00a0\u00a0\u00a0\u00a0\u00a0\u00a0\u00a0\u00a0\u00a0\u00a0\u00a0\u00a0\u00a0\u00a0\u00a0\u00a0\u00a0\u00a0\u00a0\u00a0\u00a0\u00a0\u00a0\u00a0\u00a0\u00a0\u00a0\u00a0 LA COORDINACI\u00d3N <\/strong><\/span><strong><span style=\"font-family: Helvetica;\">\u00a0\u00a0\u00a0\u00a0\u00a0\u00a0\u00a0\u00a0\u00a0\u00a0\u00a0\u00a0\u00a0\u00a0\u00a0<\/span>\u00a0\u00a0\u00a0\u00a0\u00a0\u00a0\u00a0\u00a0\u00a0\u00a0\u00a0\u00a0\u00a0\u00a0\u00a0\u00a0\u00a0\u00a0\u00a0\u00a0\u00a0\u00a0\u00a0\u00a0\u00a0\u00a0\u00a0\u00a0\u00a0\u00a0\u00a0<\/strong><\/p>\n","protected":false},"excerpt":{"rendered":"<p>INICIO DE ACTIVIDADES ACAD\u00c9MICAS 17 DE MARZO Se comunica a l@s profesionales que formalizaron su inscripci\u00f3n a la Maestr\u00eda en Enfermer\u00eda en Medicina Cr\u00edtica y<\/p>\n","protected":false},"author":1,"featured_media":0,"comment_status":"closed","ping_status":"closed","sticky":false,"template":"","format":"standard","meta":[],"categories":[1],"tags":[],"_links":{"self":[{"href":"https:\/\/posgradofment.umsa.bo\/index.php\/wp-json\/wp\/v2\/posts\/4079"}],"collection":[{"href":"https:\/\/posgradofment.umsa.bo\/index.php\/wp-json\/wp\/v2\/posts"}],"about":[{"href":"https:\/\/posgradofment.umsa.bo\/index.php\/wp-json\/wp\/v2\/types\/post"}],"author":[{"embeddable":true,"href":"https:\/\/posgradofment.umsa.bo\/index.php\/wp-json\/wp\/v2\/users\/1"}],"replies":[{"embeddable":true,"href":"https:\/\/posgradofment.umsa.bo\/index.php\/wp-json\/wp\/v2\/comments?post=4079"}],"version-history":[{"count":1,"href":"https:\/\/posgradofment.umsa.bo\/index.php\/wp-json\/wp\/v2\/posts\/4079\/revisions"}],"predecessor-version":[{"id":4080,"href":"https:\/\/posgradofment.umsa.bo\/index.php\/wp-json\/wp\/v2\/posts\/4079\/revisions\/4080"}],"wp:attachment":[{"href":"https:\/\/posgradofment.umsa.bo\/index.php\/wp-json\/wp\/v2\/media?parent=4079"}],"wp:term":[{"taxonomy":"category","embeddable":true,"href":"https:\/\/posgradofment.umsa.bo\/index.php\/wp-json\/wp\/v2\/categories?post=4079"},{"taxonomy":"post_tag","embeddable":true,"href":"https:\/\/posgradofment.umsa.bo\/index.php\/wp-json\/wp\/v2\/tags?post=4079"}],"curies":[{"name":"wp","href":"https:\/\/api.w.org\/{rel}","templated":true}]}}